{"id":79,"date":"2018-05-17T19:03:57","date_gmt":"2018-05-17T17:03:57","guid":{"rendered":"http:\/\/revista-insaiguaviva.org\/apadrinemelpatrimoni\/?p=79"},"modified":"2019-02-26T22:49:46","modified_gmt":"2019-02-26T20:49:46","slug":"la-farinera-moreto-de-mollet-possible-patrimoni-industrial-de-catalunya","status":"publish","type":"post","link":"http:\/\/revista-insaiguaviva.org\/apadrinemelpatrimoni\/2018\/05\/17\/la-farinera-moreto-de-mollet-possible-patrimoni-industrial-de-catalunya\/","title":{"rendered":"La Farinera Moret\u00f3 de Mollet, possible patrimoni industrial de Catalunya"},"content":{"rendered":"<h5>El Museu Nacional de la Ci\u00e8ncia i la T\u00e8cnica en destaca l&#8217;inter\u00e8s art\u00edstic del conjunt arquitect\u00f2nic<\/h5>\n<p>Llegiu l&#8217;article complet clicant <a href=\"http:\/\/www.laxarxa.com\/infolocal\/comarques-barcelona\/noticia\/la-farinera-moreto-de-mollet-possible-patrimoni-industrial-de-catalunya\" target=\"_blank\" rel=\"noopener\">aqu\u00ed<\/a>.<\/p>\n<p>&nbsp;<\/p>\n<p><img loading=\"lazy\" decoding=\"async\" class=\"alignleft wp-image-96 size-large\" src=\"http:\/\/revista-insaiguaviva.org\/apadrinemelpatrimoni\/wp-content\/uploads\/2018\/05\/20180306_165032-1024x576.png\" alt=\"\" width=\"525\" height=\"295\" srcset=\"http:\/\/revista-insaiguaviva.org\/apadrinemelpatrimoni\/wp-content\/uploads\/2018\/05\/20180306_165032-1024x576.png 1024w, http:\/\/revista-insaiguaviva.org\/apadrinemelpatrimoni\/wp-content\/uploads\/2018\/05\/20180306_165032-300x169.png 300w, http:\/\/revista-insaiguaviva.org\/apadrinemelpatrimoni\/wp-content\/uploads\/2018\/05\/20180306_165032-768x432.png 768w\" sizes=\"auto, (max-width: 525px) 100vw, 525px\" \/><\/p>\n","protected":false},"excerpt":{"rendered":"<p>El Museu Nacional de la Ci\u00e8ncia i la T\u00e8cnica en destaca l&#8217;inter\u00e8s art\u00edstic del conjunt arquitect\u00f2nic Llegiu l&#8217;article complet clicant aqu\u00ed. &nbsp;<\/p>\n","protected":false},"author":2,"featured_media":0,"comment_status":"open","ping_status":"open","sticky":false,"template":"","format":"standard","meta":{"footnotes":""},"categories":[1,10],"tags":[],"class_list":["post-79","post","type-post","status-publish","format-standard","hentry","category-general","category-la-farinera-moreto-de-mollet-possible-patrimoni-industrial-de-catalunya"],"_links":{"self":[{"href":"http:\/\/revista-insaiguaviva.org\/apadrinemelpatrimoni\/wp-json\/wp\/v2\/posts\/79","targetHints":{"allow":["GET"]}}],"collection":[{"href":"http:\/\/revista-insaiguaviva.org\/apadrinemelpatrimoni\/wp-json\/wp\/v2\/posts"}],"about":[{"href":"http:\/\/revista-insaiguaviva.org\/apadrinemelpatrimoni\/wp-json\/wp\/v2\/types\/post"}],"author":[{"embeddable":true,"href":"http:\/\/revista-insaiguaviva.org\/apadrinemelpatrimoni\/wp-json\/wp\/v2\/users\/2"}],"replies":[{"embeddable":true,"href":"http:\/\/revista-insaiguaviva.org\/apadrinemelpatrimoni\/wp-json\/wp\/v2\/comments?post=79"}],"version-history":[{"count":4,"href":"http:\/\/revista-insaiguaviva.org\/apadrinemelpatrimoni\/wp-json\/wp\/v2\/posts\/79\/revisions"}],"predecessor-version":[{"id":256,"href":"http:\/\/revista-insaiguaviva.org\/apadrinemelpatrimoni\/wp-json\/wp\/v2\/posts\/79\/revisions\/256"}],"wp:attachment":[{"href":"http:\/\/revista-insaiguaviva.org\/apadrinemelpatrimoni\/wp-json\/wp\/v2\/media?parent=79"}],"wp:term":[{"taxonomy":"category","embeddable":true,"href":"http:\/\/revista-insaiguaviva.org\/apadrinemelpatrimoni\/wp-json\/wp\/v2\/categories?post=79"},{"taxonomy":"post_tag","embeddable":true,"href":"http:\/\/revista-insaiguaviva.org\/apadrinemelpatrimoni\/wp-json\/wp\/v2\/tags?post=79"}],"curies":[{"name":"wp","href":"https:\/\/api.w.org\/{rel}","templated":true}]}}