{"id":56,"date":"2018-05-17T10:33:54","date_gmt":"2018-05-17T08:33:54","guid":{"rendered":"http:\/\/revista-insaiguaviva.org\/apadrinemelpatrimoni\/?p=56"},"modified":"2019-02-26T22:51:47","modified_gmt":"2019-02-26T20:51:47","slug":"visita-a-la-farinera-moreto","status":"publish","type":"post","link":"http:\/\/revista-insaiguaviva.org\/apadrinemelpatrimoni\/2018\/05\/17\/visita-a-la-farinera-moreto\/","title":{"rendered":"Visita a la Farinera Moret\u00f3"},"content":{"rendered":"<p>Dins del nostre projecte d\u2019apadrinament del patrimoni, que t\u00e9 com a objecte La Farinera Moret\u00f3, una empresa centen\u00e0ria, creada el 1890, els alumnes de 4t curs d\u2019ESO l\u2019han visitat. Les visites s\u2019han organitzat per grups:<\/p>\n<div>\u2013 divendres, 26 gener 2018 amb 4t B i els professors Patr\u00edcia Cruzans, V\u00edctor Ferrer, Joan Carles Lorente i M. \u00c0ngels Massaguer;<\/div>\n<div>\u2013 divendres, 16 de febrer, amb 4t C i els professors M\u00f2nica Mas, Xavier Bentu\u00e9, Alexandra Petit i M. \u00c0ngels Massaguer; i<\/div>\n<div>\n<p>\u2013 divendres,\u00a0 23 de febrer amb 4t A i els professors N\u00faria L\u00f3pez, \u00c1gueda Gonz\u00e1lez, Marta Ramon, Ricard Sebasti\u00e0 i M. \u00c0ngels Massaguer.<\/p>\n<p>El dia 6 de mar\u00e7 la van visitar la Patr\u00edcia Cruzans , l\u2019Alexandra Petit i la M. \u00c0ngels Massaguer.<\/p>\n<\/div>\n<div><\/div>\n<p>Podeu veure les fotografies que van fer clicant\u00a0<a href=\"https:\/\/photos.app.goo.gl\/rvHD02NeF8Z3ViPq1\" target=\"_blank\" rel=\"noopener\">aqu\u00ed.\u00a0<\/a><\/p>\n<div><\/div>\n<p><img loading=\"lazy\" decoding=\"async\" class=\"aligncenter wp-image-693 size-medium\" src=\"https:\/\/www.revista-insaiguaviva.org\/curs2017-2018\/wp-content\/uploads\/2018\/04\/20180306_161815-e1522863058441-228x300.jpg\" sizes=\"auto, (max-width: 228px) 100vw, 228px\" srcset=\"https:\/\/www.revista-insaiguaviva.org\/curs2017-2018\/wp-content\/uploads\/2018\/04\/20180306_161815-e1522863058441-228x300.jpg 228w, https:\/\/www.revista-insaiguaviva.org\/curs2017-2018\/wp-content\/uploads\/2018\/04\/20180306_161815-e1522863058441-768x1011.jpg 768w, https:\/\/www.revista-insaiguaviva.org\/curs2017-2018\/wp-content\/uploads\/2018\/04\/20180306_161815-e1522863058441-778x1024.jpg 778w, https:\/\/www.revista-insaiguaviva.org\/curs2017-2018\/wp-content\/uploads\/2018\/04\/20180306_161815-e1522863058441.jpg 960w\" alt=\"\" width=\"228\" height=\"300\" \/><\/p>\n","protected":false},"excerpt":{"rendered":"<p>Dins del nostre projecte d\u2019apadrinament del patrimoni, que t\u00e9 com a objecte La Farinera Moret\u00f3, una empresa centen\u00e0ria, creada el 1890, els alumnes de 4t curs d\u2019ESO l\u2019han visitat. Les visites s\u2019han organitzat per grups: \u2013 divendres, 26 gener 2018 amb 4t B i els professors Patr\u00edcia Cruzans, V\u00edctor Ferrer, Joan Carles Lorente i M. &hellip; <\/p>\n<p class=\"link-more\"><a href=\"http:\/\/revista-insaiguaviva.org\/apadrinemelpatrimoni\/2018\/05\/17\/visita-a-la-farinera-moreto\/\" class=\"more-link\">Continua llegint <span class=\"screen-reader-text\">\u00abVisita a la Farinera Moret\u00f3\u00bb<\/span><\/a><\/p>\n","protected":false},"author":2,"featured_media":0,"comment_status":"open","ping_status":"open","sticky":false,"template":"","format":"standard","meta":{"footnotes":""},"categories":[12,8],"tags":[],"class_list":["post-56","post","type-post","status-publish","format-standard","hentry","category-blog","category-visites-2"],"_links":{"self":[{"href":"http:\/\/revista-insaiguaviva.org\/apadrinemelpatrimoni\/wp-json\/wp\/v2\/posts\/56","targetHints":{"allow":["GET"]}}],"collection":[{"href":"http:\/\/revista-insaiguaviva.org\/apadrinemelpatrimoni\/wp-json\/wp\/v2\/posts"}],"about":[{"href":"http:\/\/revista-insaiguaviva.org\/apadrinemelpatrimoni\/wp-json\/wp\/v2\/types\/post"}],"author":[{"embeddable":true,"href":"http:\/\/revista-insaiguaviva.org\/apadrinemelpatrimoni\/wp-json\/wp\/v2\/users\/2"}],"replies":[{"embeddable":true,"href":"http:\/\/revista-insaiguaviva.org\/apadrinemelpatrimoni\/wp-json\/wp\/v2\/comments?post=56"}],"version-history":[{"count":2,"href":"http:\/\/revista-insaiguaviva.org\/apadrinemelpatrimoni\/wp-json\/wp\/v2\/posts\/56\/revisions"}],"predecessor-version":[{"id":258,"href":"http:\/\/revista-insaiguaviva.org\/apadrinemelpatrimoni\/wp-json\/wp\/v2\/posts\/56\/revisions\/258"}],"wp:attachment":[{"href":"http:\/\/revista-insaiguaviva.org\/apadrinemelpatrimoni\/wp-json\/wp\/v2\/media?parent=56"}],"wp:term":[{"taxonomy":"category","embeddable":true,"href":"http:\/\/revista-insaiguaviva.org\/apadrinemelpatrimoni\/wp-json\/wp\/v2\/categories?post=56"},{"taxonomy":"post_tag","embeddable":true,"href":"http:\/\/revista-insaiguaviva.org\/apadrinemelpatrimoni\/wp-json\/wp\/v2\/tags?post=56"}],"curies":[{"name":"wp","href":"https:\/\/api.w.org\/{rel}","templated":true}]}}