{"id":356,"date":"2021-05-21T18:55:00","date_gmt":"2021-05-21T16:55:00","guid":{"rendered":"http:\/\/revista-insaiguaviva.org\/apadrinemelpatrimoni\/?p=356"},"modified":"2021-05-25T22:02:49","modified_gmt":"2021-05-25T20:02:49","slug":"inauguracio-de-lexposicio-sobre-la-farinera-moreto","status":"publish","type":"post","link":"http:\/\/revista-insaiguaviva.org\/apadrinemelpatrimoni\/2021\/05\/21\/inauguracio-de-lexposicio-sobre-la-farinera-moreto\/","title":{"rendered":"Inauguraci\u00f3 de l&#8217;exposici\u00f3 sobre La farinera Moret\u00f3"},"content":{"rendered":"\n<p id=\"block-3f415071-c090-4b95-b349-4d651e1794e7\">Divendres passat, 14 de maig, a les 18:30 h., va tenir lloc a La Marineta la presentaci\u00f3 de l&#8217;exposici\u00f3 sobre La farinera Moret\u00f3, un projecte d&#8217;Apadrinament del Patrimoni. Aquesta exposici\u00f3 reflexa el treball fet pels alumnes del centre, de forma interdisciplinar, durant els \u00faltims quatre anys.<\/p>\n\n\n\n<p>La&nbsp;finalitat&nbsp;d\u2019aquest projecte \u00e9s fomentar el coneixement del patrimoni local, fent que l\u2019alumnat sigui protagonista del seu propi proc\u00e9s d\u2019aprenentatge.<\/p>\n\n\n\n<figure class=\"wp-block-image\" id=\"block-e6867b55-9575-4abc-8f52-95590ebd12fe\"><img decoding=\"async\" src=\"https:\/\/www.revista-insaiguaviva.org\/curs2020-2021\/wp-content\/uploads\/2021\/05\/DSC_9600-1024x683.jpg\" alt=\"Aquesta imatge t\u00e9 l'atribut alt buit; el seu nom \u00e9s DSC_9600-1024x683.jpg\"\/><\/figure>\n\n\n\n<p id=\"block-27d7ba0e-febd-4352-b5a7-803b054072c3\">A la presentaci\u00f3 van intervenir la M. \u00c0ngels Massaguer, del departament de Ci\u00e8ncies Socials del nostre centre i coordinadora del projecte, el Ricard Sebasti\u00e0, director del centre, el Jordi Bertran, director del Centre d&#8217;Estudis Molletans, i el Mart\u00ed Moret\u00f3, en representaci\u00f3 de la farinera.<\/p>\n\n\n\n<figure class=\"wp-block-image\" id=\"block-38066da6-da48-4401-a072-a481ead725b8\"><img decoding=\"async\" src=\"https:\/\/www.revista-insaiguaviva.org\/curs2020-2021\/wp-content\/uploads\/2021\/05\/DSC_9609-1024x683.jpg\" alt=\"Aquesta imatge t\u00e9 l'atribut alt buit; el seu nom \u00e9s DSC_9609-1024x683.jpg\"\/><\/figure>\n\n\n\n<p id=\"block-c85c5dcb-1091-4c43-958c-1ee2c85b158c\">Podeu veure l&#8217;exposici\u00f3 a La Marineta, des del 14 al 30 de maig.<\/p>\n\n\n\n<figure class=\"wp-block-image\" id=\"block-e29bd583-1f11-420d-898c-07f337f98adc\"><img decoding=\"async\" src=\"https:\/\/www.revista-insaiguaviva.org\/curs2020-2021\/wp-content\/uploads\/2021\/05\/exposicio-la-farinera-740x1024-1.jpg\" alt=\"Aquesta imatge t\u00e9 l'atribut alt buit; el seu nom \u00e9s exposicio-la-farinera-740x1024-1.jpg\"\/><\/figure>\n\n\n\n<p id=\"block-e7a674c9-da30-4f21-96ea-3c47bab692ff\">Podeu veure algunes fotografies de la presentaci\u00f3 clicant <a rel=\"noreferrer noopener\" href=\"https:\/\/photos.app.goo.gl\/xQFdCLSawT3PTHmo6\" target=\"_blank\">aqu\u00ed.<\/a><\/p>\n\n\n\n<p id=\"block-b9eaace0-7c39-4b48-9d18-5e1b9f49c88a\">I sentir una entrevista amb el Ricard Sebasti\u00e0, director del centre, <a rel=\"noreferrer noopener\" href=\"https:\/\/www.radiomollet.com\/news\/id\/radiomollet_news_1696\" target=\"_blank\">aqu\u00ed.<\/a><\/p>\n","protected":false},"excerpt":{"rendered":"<p>Divendres passat, 14 de maig, a les 18:30 h., va tenir lloc a La Marineta la presentaci\u00f3 de l&#8217;exposici\u00f3 sobre La farinera Moret\u00f3, un projecte d&#8217;Apadrinament del Patrimoni. Aquesta exposici\u00f3 reflexa el treball fet pels alumnes del centre, de forma interdisciplinar, durant els \u00faltims quatre anys. La&nbsp;finalitat&nbsp;d\u2019aquest projecte \u00e9s fomentar el coneixement del patrimoni local, &hellip; <\/p>\n<p class=\"link-more\"><a href=\"http:\/\/revista-insaiguaviva.org\/apadrinemelpatrimoni\/2021\/05\/21\/inauguracio-de-lexposicio-sobre-la-farinera-moreto\/\" class=\"more-link\">Continua llegint <span class=\"screen-reader-text\">\u00abInauguraci\u00f3 de l&#8217;exposici\u00f3 sobre La farinera Moret\u00f3\u00bb<\/span><\/a><\/p>\n","protected":false},"author":2,"featured_media":0,"comment_status":"open","ping_status":"open","sticky":false,"template":"","format":"standard","meta":{"footnotes":""},"categories":[41],"tags":[],"class_list":["post-356","post","type-post","status-publish","format-standard","hentry","category-inauguracio-de-lexposicio"],"_links":{"self":[{"href":"http:\/\/revista-insaiguaviva.org\/apadrinemelpatrimoni\/wp-json\/wp\/v2\/posts\/356","targetHints":{"allow":["GET"]}}],"collection":[{"href":"http:\/\/revista-insaiguaviva.org\/apadrinemelpatrimoni\/wp-json\/wp\/v2\/posts"}],"about":[{"href":"http:\/\/revista-insaiguaviva.org\/apadrinemelpatrimoni\/wp-json\/wp\/v2\/types\/post"}],"author":[{"embeddable":true,"href":"http:\/\/revista-insaiguaviva.org\/apadrinemelpatrimoni\/wp-json\/wp\/v2\/users\/2"}],"replies":[{"embeddable":true,"href":"http:\/\/revista-insaiguaviva.org\/apadrinemelpatrimoni\/wp-json\/wp\/v2\/comments?post=356"}],"version-history":[{"count":4,"href":"http:\/\/revista-insaiguaviva.org\/apadrinemelpatrimoni\/wp-json\/wp\/v2\/posts\/356\/revisions"}],"predecessor-version":[{"id":360,"href":"http:\/\/revista-insaiguaviva.org\/apadrinemelpatrimoni\/wp-json\/wp\/v2\/posts\/356\/revisions\/360"}],"wp:attachment":[{"href":"http:\/\/revista-insaiguaviva.org\/apadrinemelpatrimoni\/wp-json\/wp\/v2\/media?parent=356"}],"wp:term":[{"taxonomy":"category","embeddable":true,"href":"http:\/\/revista-insaiguaviva.org\/apadrinemelpatrimoni\/wp-json\/wp\/v2\/categories?post=356"},{"taxonomy":"post_tag","embeddable":true,"href":"http:\/\/revista-insaiguaviva.org\/apadrinemelpatrimoni\/wp-json\/wp\/v2\/tags?post=356"}],"curies":[{"name":"wp","href":"https:\/\/api.w.org\/{rel}","templated":true}]}}