{"id":277,"date":"2019-05-23T21:28:15","date_gmt":"2019-05-23T19:28:15","guid":{"rendered":"http:\/\/revista-insaiguaviva.org\/apadrinemelpatrimoni\/?p=277"},"modified":"2019-11-14T18:11:14","modified_gmt":"2019-11-14T16:11:14","slug":"monografies-urbanes-de-mollet-del-valles-la-farinera-moreto","status":"publish","type":"post","link":"http:\/\/revista-insaiguaviva.org\/apadrinemelpatrimoni\/2019\/05\/23\/monografies-urbanes-de-mollet-del-valles-la-farinera-moreto\/","title":{"rendered":"Monografies urbanes de Mollet del Vall\u00e8s: La Farinera Moret\u00f3"},"content":{"rendered":"<p><a href=\"https:\/\/www.molletvalles.cat\/assets\/Documents\/10465_La-Farinera-Moreto.pdf\" target=\"_blank\" rel=\"noopener noreferrer\">Monogr\u00e0fic<\/a> editat per l&#8217;Ajuntament de Mollet sobre la Farinera Moret\u00f3: la hist\u00f2ria, la fam\u00edlia, l&#8217;edifici i el funcionament actual de la f\u00e0brica.<\/p>\n<p><img loading=\"lazy\" decoding=\"async\" class=\"aligncenter wp-image-280 size-full\" src=\"http:\/\/revista-insaiguaviva.org\/apadrinemelpatrimoni\/wp-content\/uploads\/2019\/05\/98_Farinera_Moreto\u0301.jpg\" alt=\"\" width=\"590\" height=\"330\" srcset=\"http:\/\/revista-insaiguaviva.org\/apadrinemelpatrimoni\/wp-content\/uploads\/2019\/05\/98_Farinera_Moreto\u0301.jpg 590w, http:\/\/revista-insaiguaviva.org\/apadrinemelpatrimoni\/wp-content\/uploads\/2019\/05\/98_Farinera_Moreto\u0301-300x168.jpg 300w\" sizes=\"auto, (max-width: 590px) 100vw, 590px\" \/><\/p>\n<p>&nbsp;<\/p>\n","protected":false},"excerpt":{"rendered":"<p>Monogr\u00e0fic editat per l&#8217;Ajuntament de Mollet sobre la Farinera Moret\u00f3: la hist\u00f2ria, la fam\u00edlia, l&#8217;edifici i el funcionament actual de la f\u00e0brica. &nbsp;<\/p>\n","protected":false},"author":2,"featured_media":0,"comment_status":"open","ping_status":"open","sticky":false,"template":"","format":"standard","meta":{"footnotes":""},"categories":[1,11,39],"tags":[],"class_list":["post-277","post","type-post","status-publish","format-standard","hentry","category-general","category-historia-de-la-farinera","category-monografies-urbanes-de-mollet-del-valles-la-farinera-moreto"],"_links":{"self":[{"href":"http:\/\/revista-insaiguaviva.org\/apadrinemelpatrimoni\/wp-json\/wp\/v2\/posts\/277","targetHints":{"allow":["GET"]}}],"collection":[{"href":"http:\/\/revista-insaiguaviva.org\/apadrinemelpatrimoni\/wp-json\/wp\/v2\/posts"}],"about":[{"href":"http:\/\/revista-insaiguaviva.org\/apadrinemelpatrimoni\/wp-json\/wp\/v2\/types\/post"}],"author":[{"embeddable":true,"href":"http:\/\/revista-insaiguaviva.org\/apadrinemelpatrimoni\/wp-json\/wp\/v2\/users\/2"}],"replies":[{"embeddable":true,"href":"http:\/\/revista-insaiguaviva.org\/apadrinemelpatrimoni\/wp-json\/wp\/v2\/comments?post=277"}],"version-history":[{"count":5,"href":"http:\/\/revista-insaiguaviva.org\/apadrinemelpatrimoni\/wp-json\/wp\/v2\/posts\/277\/revisions"}],"predecessor-version":[{"id":333,"href":"http:\/\/revista-insaiguaviva.org\/apadrinemelpatrimoni\/wp-json\/wp\/v2\/posts\/277\/revisions\/333"}],"wp:attachment":[{"href":"http:\/\/revista-insaiguaviva.org\/apadrinemelpatrimoni\/wp-json\/wp\/v2\/media?parent=277"}],"wp:term":[{"taxonomy":"category","embeddable":true,"href":"http:\/\/revista-insaiguaviva.org\/apadrinemelpatrimoni\/wp-json\/wp\/v2\/categories?post=277"},{"taxonomy":"post_tag","embeddable":true,"href":"http:\/\/revista-insaiguaviva.org\/apadrinemelpatrimoni\/wp-json\/wp\/v2\/tags?post=277"}],"curies":[{"name":"wp","href":"https:\/\/api.w.org\/{rel}","templated":true}]}}