{"id":235,"date":"2018-10-16T19:18:24","date_gmt":"2018-10-16T17:18:24","guid":{"rendered":"http:\/\/revista-insaiguaviva.org\/apadrinemelpatrimoni\/?p=235"},"modified":"2019-02-26T22:46:36","modified_gmt":"2019-02-26T20:46:36","slug":"lestil-de-la-vivenda-moreto-es-modernista","status":"publish","type":"post","link":"http:\/\/revista-insaiguaviva.org\/apadrinemelpatrimoni\/2018\/10\/16\/lestil-de-la-vivenda-moreto-es-modernista\/","title":{"rendered":"L&#8217;estil de l&#8217;habitatge Moret\u00f3 \u00e9s modernista?"},"content":{"rendered":"<p>Les alumnes Laura Arasil, Clara Farr\u00e9 i Alexia Mart\u00ednez, de 4t curs d&#8217;ESO, han realitzat el seu projecte de recerca sobre l&#8217;habitatge Moret\u00f3. En aquest projecte es plantejaven com a objectiu demostrar si la casa Moret\u00f3 \u00e9s o no d&#8217;estil modernista.<\/p>\n<p><img loading=\"lazy\" decoding=\"async\" class=\"aligncenter wp-image-36 size-large\" src=\"http:\/\/revista-insaiguaviva.org\/apadrinemelpatrimoni\/wp-content\/uploads\/2018\/05\/farinera2-768x1024.jpg\" alt=\"\" width=\"525\" height=\"700\" srcset=\"http:\/\/revista-insaiguaviva.org\/apadrinemelpatrimoni\/wp-content\/uploads\/2018\/05\/farinera2-768x1024.jpg 768w, http:\/\/revista-insaiguaviva.org\/apadrinemelpatrimoni\/wp-content\/uploads\/2018\/05\/farinera2-225x300.jpg 225w\" sizes=\"auto, (max-width: 525px) 100vw, 525px\" \/><\/p>\n<p>Podeu veure el treball <a href=\"https:\/\/drive.google.com\/file\/d\/13PguFs13t7QZc0M0HXJ80Z3E7YGGhi5O\/view\" target=\"_blank\" rel=\"noopener\">aqu\u00ed.\u00a0<\/a><\/p>\n","protected":false},"excerpt":{"rendered":"<p>Les alumnes Laura Arasil, Clara Farr\u00e9 i Alexia Mart\u00ednez, de 4t curs d&#8217;ESO, han realitzat el seu projecte de recerca sobre l&#8217;habitatge Moret\u00f3. En aquest projecte es plantejaven com a objectiu demostrar si la casa Moret\u00f3 \u00e9s o no d&#8217;estil modernista. Podeu veure el treball aqu\u00ed.\u00a0<\/p>\n","protected":false},"author":2,"featured_media":0,"comment_status":"open","ping_status":"open","sticky":false,"template":"","format":"standard","meta":{"footnotes":""},"categories":[31],"tags":[],"class_list":["post-235","post","type-post","status-publish","format-standard","hentry","category-projecte-de-recerca"],"_links":{"self":[{"href":"http:\/\/revista-insaiguaviva.org\/apadrinemelpatrimoni\/wp-json\/wp\/v2\/posts\/235","targetHints":{"allow":["GET"]}}],"collection":[{"href":"http:\/\/revista-insaiguaviva.org\/apadrinemelpatrimoni\/wp-json\/wp\/v2\/posts"}],"about":[{"href":"http:\/\/revista-insaiguaviva.org\/apadrinemelpatrimoni\/wp-json\/wp\/v2\/types\/post"}],"author":[{"embeddable":true,"href":"http:\/\/revista-insaiguaviva.org\/apadrinemelpatrimoni\/wp-json\/wp\/v2\/users\/2"}],"replies":[{"embeddable":true,"href":"http:\/\/revista-insaiguaviva.org\/apadrinemelpatrimoni\/wp-json\/wp\/v2\/comments?post=235"}],"version-history":[{"count":9,"href":"http:\/\/revista-insaiguaviva.org\/apadrinemelpatrimoni\/wp-json\/wp\/v2\/posts\/235\/revisions"}],"predecessor-version":[{"id":252,"href":"http:\/\/revista-insaiguaviva.org\/apadrinemelpatrimoni\/wp-json\/wp\/v2\/posts\/235\/revisions\/252"}],"wp:attachment":[{"href":"http:\/\/revista-insaiguaviva.org\/apadrinemelpatrimoni\/wp-json\/wp\/v2\/media?parent=235"}],"wp:term":[{"taxonomy":"category","embeddable":true,"href":"http:\/\/revista-insaiguaviva.org\/apadrinemelpatrimoni\/wp-json\/wp\/v2\/categories?post=235"},{"taxonomy":"post_tag","embeddable":true,"href":"http:\/\/revista-insaiguaviva.org\/apadrinemelpatrimoni\/wp-json\/wp\/v2\/tags?post=235"}],"curies":[{"name":"wp","href":"https:\/\/api.w.org\/{rel}","templated":true}]}}